{"id":1524,"date":"2016-10-12T14:50:52","date_gmt":"2016-10-12T12:50:52","guid":{"rendered":"http:\/\/www.fotointern.ch\/?p=130359"},"modified":"2016-10-12T14:50:52","modified_gmt":"2016-10-12T12:50:52","slug":"marktuebersicht-2016-10-mit-allen-dslrs-und-spiegellosen-kameras-der-photokina","status":"publish","type":"post","link":"http:\/\/feedproxy.google.com\/~r\/fotointern\/~3\/CZGOH90AWS8\/","title":{"rendered":"Markt\u00fcbersicht 2016-10 mit allen DSLRs und spiegellosen Kameras der Photokina"},"content":{"rendered":"<p>In dieser Meldung steht die neue Markt\u00fcbersicht von Markus Zitt als PDF zum Herunterladen bereit. Die \u00dcbersicht enth\u00e4lt jetzt auch all neuen Systemkameras (spiegellose und DSLRs) und alle neuen Mittelformatsysteme, die an der Photokina vorgestellt wurden. Auch etliche Preissenkungen und Preiserh\u00f6hungen (Sony, Ricoh-Pentax) sind in der \u00dcbersicht aufgef\u00fchrt. &#160; Die neue \u00dcbersicht k\u00f6nnen Sie hier [&#8230;]<img loading=\"lazy\" decoding=\"async\" src=\"http:\/\/feeds.feedburner.com\/~r\/fotointern\/~4\/CZGOH90AWS8\" height=\"1\" width=\"1\" alt=\"\"\/> <\/p>\n","protected":false},"excerpt":{"rendered":"<p>In dieser Meldung steht die neue Markt\u00fcbersicht von Markus Zitt als PDF zum Herunterladen bereit. Die \u00dcbersicht enth\u00e4lt jetzt auch all neuen Systemkameras (spiegellose und DSLRs) und alle neuen Mittelformatsysteme, die an der Photokina vorgestellt wurden. Auch etliche Preissenkungen und Preiserh\u00f6hungen (Sony, Ricoh-Pentax) sind in der \u00dcbersicht aufgef\u00fchrt. &#160; Die neue \u00dcbersicht k\u00f6nnen Sie hier [&#8230;]<img loading=\"lazy\" decoding=\"async\" src=\"http:\/\/feeds.feedburner.com\/~r\/fotointern\/~4\/CZGOH90AWS8\" height=\"1\" width=\"1\" alt=\"\"\/> <\/p>\n","protected":false},"author":1,"featured_media":0,"comment_status":"open","ping_status":"closed","sticky":false,"template":"","format":"standard","meta":{"_exactmetrics_skip_tracking":false,"_exactmetrics_sitenote_active":false,"_exactmetrics_sitenote_note":"","_exactmetrics_sitenote_category":0,"footnotes":""},"categories":[9],"tags":[],"class_list":["post-1524","post","type-post","status-publish","format-standard","hentry","category-foto-news-extern"],"_links":{"self":[{"href":"https:\/\/waelty.ch\/cm\/index.php?rest_route=\/wp\/v2\/posts\/1524","targetHints":{"allow":["GET"]}}],"collection":[{"href":"https:\/\/waelty.ch\/cm\/index.php?rest_route=\/wp\/v2\/posts"}],"about":[{"href":"https:\/\/waelty.ch\/cm\/index.php?rest_route=\/wp\/v2\/types\/post"}],"author":[{"embeddable":true,"href":"https:\/\/waelty.ch\/cm\/index.php?rest_route=\/wp\/v2\/users\/1"}],"replies":[{"embeddable":true,"href":"https:\/\/waelty.ch\/cm\/index.php?rest_route=%2Fwp%2Fv2%2Fcomments&post=1524"}],"version-history":[{"count":0,"href":"https:\/\/waelty.ch\/cm\/index.php?rest_route=\/wp\/v2\/posts\/1524\/revisions"}],"wp:attachment":[{"href":"https:\/\/waelty.ch\/cm\/index.php?rest_route=%2Fwp%2Fv2%2Fmedia&parent=1524"}],"wp:term":[{"taxonomy":"category","embeddable":true,"href":"https:\/\/waelty.ch\/cm\/index.php?rest_route=%2Fwp%2Fv2%2Fcategories&post=1524"},{"taxonomy":"post_tag","embeddable":true,"href":"https:\/\/waelty.ch\/cm\/index.php?rest_route=%2Fwp%2Fv2%2Ftags&post=1524"}],"curies":[{"name":"wp","href":"https:\/\/api.w.org\/{rel}","templated":true}]}}