{"id":1517,"date":"2016-10-11T07:00:00","date_gmt":"2016-10-11T05:00:00","guid":{"rendered":"http:\/\/www.fotointern.ch\/?p=130645"},"modified":"2016-10-11T07:00:00","modified_gmt":"2016-10-11T05:00:00","slug":"heute-ist-wieder-einmal-gaele-zischtig-bei-fotichaestli","status":"publish","type":"post","link":"http:\/\/feedproxy.google.com\/~r\/fotointern\/~3\/HcwRAGT4Mnw\/","title":{"rendered":"Heute ist wieder einmal \u00abg\u00e4le Zischtig\u00bb bei Fotich\u00e4stli"},"content":{"rendered":"<p>Der Online-Shop Fotich\u00e4stli.ch f\u00fchrt gelegentlich einen \u00abg\u00e4le Zischtig\u00bb durch, ein Sonderverkaufstag, an dem ein ausgew\u00e4hltes Produkt, dass viele brauchen k\u00f6nnen, extrem rabattiert wird. Heute ist es wieder einmal so weit, und der besonders g\u00fcnstige Artikel ist eine Powerbank, die es jetzt mit 50% Rabatt gibt. &#160; Heute ist es mal wieder soweit: Sie k\u00f6nnen diese [&#8230;]<img loading=\"lazy\" decoding=\"async\" src=\"http:\/\/feeds.feedburner.com\/~r\/fotointern\/~4\/HcwRAGT4Mnw\" height=\"1\" width=\"1\" alt=\"\"\/> <\/p>\n","protected":false},"excerpt":{"rendered":"<p>Der Online-Shop Fotich\u00e4stli.ch f\u00fchrt gelegentlich einen \u00abg\u00e4le Zischtig\u00bb durch, ein Sonderverkaufstag, an dem ein ausgew\u00e4hltes Produkt, dass viele brauchen k\u00f6nnen, extrem rabattiert wird. Heute ist es wieder einmal so weit, und der besonders g\u00fcnstige Artikel ist eine Powerbank, die es jetzt mit 50% Rabatt gibt. &#160; Heute ist es mal wieder soweit: Sie k\u00f6nnen diese [&#8230;]<img loading=\"lazy\" decoding=\"async\" src=\"http:\/\/feeds.feedburner.com\/~r\/fotointern\/~4\/HcwRAGT4Mnw\" height=\"1\" width=\"1\" alt=\"\"\/> <\/p>\n","protected":false},"author":1,"featured_media":0,"comment_status":"open","ping_status":"closed","sticky":false,"template":"","format":"standard","meta":{"_exactmetrics_skip_tracking":false,"_exactmetrics_sitenote_active":false,"_exactmetrics_sitenote_note":"","_exactmetrics_sitenote_category":0,"footnotes":""},"categories":[9],"tags":[],"class_list":["post-1517","post","type-post","status-publish","format-standard","hentry","category-foto-news-extern"],"_links":{"self":[{"href":"https:\/\/waelty.ch\/cm\/index.php?rest_route=\/wp\/v2\/posts\/1517","targetHints":{"allow":["GET"]}}],"collection":[{"href":"https:\/\/waelty.ch\/cm\/index.php?rest_route=\/wp\/v2\/posts"}],"about":[{"href":"https:\/\/waelty.ch\/cm\/index.php?rest_route=\/wp\/v2\/types\/post"}],"author":[{"embeddable":true,"href":"https:\/\/waelty.ch\/cm\/index.php?rest_route=\/wp\/v2\/users\/1"}],"replies":[{"embeddable":true,"href":"https:\/\/waelty.ch\/cm\/index.php?rest_route=%2Fwp%2Fv2%2Fcomments&post=1517"}],"version-history":[{"count":0,"href":"https:\/\/waelty.ch\/cm\/index.php?rest_route=\/wp\/v2\/posts\/1517\/revisions"}],"wp:attachment":[{"href":"https:\/\/waelty.ch\/cm\/index.php?rest_route=%2Fwp%2Fv2%2Fmedia&parent=1517"}],"wp:term":[{"taxonomy":"category","embeddable":true,"href":"https:\/\/waelty.ch\/cm\/index.php?rest_route=%2Fwp%2Fv2%2Fcategories&post=1517"},{"taxonomy":"post_tag","embeddable":true,"href":"https:\/\/waelty.ch\/cm\/index.php?rest_route=%2Fwp%2Fv2%2Ftags&post=1517"}],"curies":[{"name":"wp","href":"https:\/\/api.w.org\/{rel}","templated":true}]}}