{"id":14745,"date":"2025-07-19T08:08:00","date_gmt":"2025-07-19T06:08:00","guid":{"rendered":"https:\/\/heise.de\/-4899882"},"modified":"2025-07-19T08:08:00","modified_gmt":"2025-07-19T06:08:00","slug":"nikon-fixt-firmware-canon-zieht-seine-zurueck-fotonews-der-woche-29-2025","status":"publish","type":"post","link":"https:\/\/waelty.ch\/cm\/?p=14745","title":{"rendered":"Nikon fixt Firmware, Canon zieht seine zur\u00fcck \u2013 Fotonews der Woche 29\/2025"},"content":{"rendered":"<section><a href=\"https:\/\/www.heise.de\/news\/Nikon-fixt-Firmware-Canon-zieht-seine-zurueck-Fotonews-der-Woche-29-2025-10491949.html\"><img decoding=\"async\" src=\"https:\/\/heise.cloudimg.io\/v7\/_www-heise-de_\/imgs\/18\/4\/8\/9\/9\/8\/8\/2\/Canon-R1-Vign-56ecac73517c27b0.png?org_if_sml=1&amp;q=75&amp;width=450\"\/><\/a><\/p>\n<p>Nikon repariert das Update f\u00fcr die Z8, Canon zieht Firmware f\u00fcr R1 und R5 II zur\u00fcck und Sony hat eine neue Nobelknipse.<\/p>\n<\/section>\n","protected":false},"excerpt":{"rendered":"<p>Nikon repariert das Update f\u00fcr die Z8, Canon zieht Firmware f\u00fcr R1 und R5 II zur\u00fcck und Sony hat eine neue Nobelknipse. <\/p>\n","protected":false},"author":1,"featured_media":0,"comment_status":"closed","ping_status":"closed","sticky":false,"template":"","format":"standard","meta":{"_exactmetrics_skip_tracking":false,"_exactmetrics_sitenote_active":false,"_exactmetrics_sitenote_note":"","_exactmetrics_sitenote_category":0,"footnotes":""},"categories":[9],"tags":[],"class_list":["post-14745","post","type-post","status-publish","format-standard","hentry","category-foto-news-extern"],"_links":{"self":[{"href":"https:\/\/waelty.ch\/cm\/index.php?rest_route=\/wp\/v2\/posts\/14745","targetHints":{"allow":["GET"]}}],"collection":[{"href":"https:\/\/waelty.ch\/cm\/index.php?rest_route=\/wp\/v2\/posts"}],"about":[{"href":"https:\/\/waelty.ch\/cm\/index.php?rest_route=\/wp\/v2\/types\/post"}],"author":[{"embeddable":true,"href":"https:\/\/waelty.ch\/cm\/index.php?rest_route=\/wp\/v2\/users\/1"}],"replies":[{"embeddable":true,"href":"https:\/\/waelty.ch\/cm\/index.php?rest_route=%2Fwp%2Fv2%2Fcomments&post=14745"}],"version-history":[{"count":0,"href":"https:\/\/waelty.ch\/cm\/index.php?rest_route=\/wp\/v2\/posts\/14745\/revisions"}],"wp:attachment":[{"href":"https:\/\/waelty.ch\/cm\/index.php?rest_route=%2Fwp%2Fv2%2Fmedia&parent=14745"}],"wp:term":[{"taxonomy":"category","embeddable":true,"href":"https:\/\/waelty.ch\/cm\/index.php?rest_route=%2Fwp%2Fv2%2Fcategories&post=14745"},{"taxonomy":"post_tag","embeddable":true,"href":"https:\/\/waelty.ch\/cm\/index.php?rest_route=%2Fwp%2Fv2%2Ftags&post=14745"}],"curies":[{"name":"wp","href":"https:\/\/api.w.org\/{rel}","templated":true}]}}