{"id":14702,"date":"2025-07-04T10:15:20","date_gmt":"2025-07-04T08:15:20","guid":{"rendered":"https:\/\/www.fotointern.ch\/?p=275668"},"modified":"2025-07-04T10:15:20","modified_gmt":"2025-07-04T08:15:20","slug":"rucksack-und-rollkoffer-kombiniert-walker-pro-rolling-backpack","status":"publish","type":"post","link":"https:\/\/www.fotointern.ch\/archiv\/2025\/07\/04\/rucksack-und-rollkoffer-kombiniert-walker-pro-rolling-backpack\/","title":{"rendered":"Rucksack und Rollkoffer kombiniert: Walker Pro Rolling Backpack"},"content":{"rendered":"<p>Der \u00abWalker Pro Rolling Backpack\u00bb von Think Tank ist gleichzeitig ein Rollkoffer und ein Rucksack mit einem Fassungsverm\u00f6gen von 30 Litern f\u00fcr ca. 2 Kameras mit Objektiven und 4-6 weiteren. Er hat Rollen f\u00fcr diverse Untergr\u00fcnde und kann bei Treppen oder beim Outdoor-Einsatz als Rucksack getragen werden <\/p>\n","protected":false},"excerpt":{"rendered":"<p>Der \u00abWalker Pro Rolling Backpack\u00bb von Think Tank ist gleichzeitig ein Rollkoffer und ein Rucksack mit einem Fassungsverm\u00f6gen von 30 Litern f\u00fcr ca. 2 Kameras mit Objektiven und 4-6 weiteren. Er hat Rollen f\u00fcr diverse Untergr\u00fcnde und kann bei Treppen oder beim Outdoor-Einsatz als Rucksack getragen werden <\/p>\n","protected":false},"author":1,"featured_media":0,"comment_status":"closed","ping_status":"closed","sticky":false,"template":"","format":"standard","meta":{"_exactmetrics_skip_tracking":false,"_exactmetrics_sitenote_active":false,"_exactmetrics_sitenote_note":"","_exactmetrics_sitenote_category":0,"footnotes":""},"categories":[9],"tags":[],"class_list":["post-14702","post","type-post","status-publish","format-standard","hentry","category-foto-news-extern"],"_links":{"self":[{"href":"https:\/\/waelty.ch\/cm\/index.php?rest_route=\/wp\/v2\/posts\/14702","targetHints":{"allow":["GET"]}}],"collection":[{"href":"https:\/\/waelty.ch\/cm\/index.php?rest_route=\/wp\/v2\/posts"}],"about":[{"href":"https:\/\/waelty.ch\/cm\/index.php?rest_route=\/wp\/v2\/types\/post"}],"author":[{"embeddable":true,"href":"https:\/\/waelty.ch\/cm\/index.php?rest_route=\/wp\/v2\/users\/1"}],"replies":[{"embeddable":true,"href":"https:\/\/waelty.ch\/cm\/index.php?rest_route=%2Fwp%2Fv2%2Fcomments&post=14702"}],"version-history":[{"count":0,"href":"https:\/\/waelty.ch\/cm\/index.php?rest_route=\/wp\/v2\/posts\/14702\/revisions"}],"wp:attachment":[{"href":"https:\/\/waelty.ch\/cm\/index.php?rest_route=%2Fwp%2Fv2%2Fmedia&parent=14702"}],"wp:term":[{"taxonomy":"category","embeddable":true,"href":"https:\/\/waelty.ch\/cm\/index.php?rest_route=%2Fwp%2Fv2%2Fcategories&post=14702"},{"taxonomy":"post_tag","embeddable":true,"href":"https:\/\/waelty.ch\/cm\/index.php?rest_route=%2Fwp%2Fv2%2Ftags&post=14702"}],"curies":[{"name":"wp","href":"https:\/\/api.w.org\/{rel}","templated":true}]}}