{"id":14683,"date":"2025-06-29T06:30:00","date_gmt":"2025-06-29T04:30:00","guid":{"rendered":"https:\/\/dkamera.de\/news\/zum-jubilaeum-leica-kuendigt-mehrere-sondereditionen\/"},"modified":"2025-06-29T06:30:00","modified_gmt":"2025-06-29T04:30:00","slug":"zum-jubilaeum-leica-kuendigt-mehrere-sondereditionen-an","status":"publish","type":"post","link":"https:\/\/dkamera.de\/news\/zum-jubilaeum-leica-kuendigt-mehrere-sondereditionen\/","title":{"rendered":"Zum Jubil\u00e4um: Leica k\u00fcndigt mehrere Sondereditionen an"},"content":{"rendered":"<p>Zum Jubil\u00e4um: Leica k\u00fcndigt mehrere Sondereditionen an<\/p>\n","protected":false},"excerpt":{"rendered":"<p>Zum Jubil\u00e4um: Leica k\u00fcndigt mehrere Sondereditionen an<\/p>\n","protected":false},"author":1,"featured_media":0,"comment_status":"closed","ping_status":"closed","sticky":false,"template":"","format":"standard","meta":{"_exactmetrics_skip_tracking":false,"_exactmetrics_sitenote_active":false,"_exactmetrics_sitenote_note":"","_exactmetrics_sitenote_category":0,"footnotes":""},"categories":[9],"tags":[],"class_list":["post-14683","post","type-post","status-publish","format-standard","hentry","category-foto-news-extern"],"_links":{"self":[{"href":"https:\/\/waelty.ch\/cm\/index.php?rest_route=\/wp\/v2\/posts\/14683","targetHints":{"allow":["GET"]}}],"collection":[{"href":"https:\/\/waelty.ch\/cm\/index.php?rest_route=\/wp\/v2\/posts"}],"about":[{"href":"https:\/\/waelty.ch\/cm\/index.php?rest_route=\/wp\/v2\/types\/post"}],"author":[{"embeddable":true,"href":"https:\/\/waelty.ch\/cm\/index.php?rest_route=\/wp\/v2\/users\/1"}],"replies":[{"embeddable":true,"href":"https:\/\/waelty.ch\/cm\/index.php?rest_route=%2Fwp%2Fv2%2Fcomments&post=14683"}],"version-history":[{"count":0,"href":"https:\/\/waelty.ch\/cm\/index.php?rest_route=\/wp\/v2\/posts\/14683\/revisions"}],"wp:attachment":[{"href":"https:\/\/waelty.ch\/cm\/index.php?rest_route=%2Fwp%2Fv2%2Fmedia&parent=14683"}],"wp:term":[{"taxonomy":"category","embeddable":true,"href":"https:\/\/waelty.ch\/cm\/index.php?rest_route=%2Fwp%2Fv2%2Fcategories&post=14683"},{"taxonomy":"post_tag","embeddable":true,"href":"https:\/\/waelty.ch\/cm\/index.php?rest_route=%2Fwp%2Fv2%2Ftags&post=14683"}],"curies":[{"name":"wp","href":"https:\/\/api.w.org\/{rel}","templated":true}]}}