{"id":14678,"date":"2025-06-26T16:00:42","date_gmt":"2025-06-26T14:00:42","guid":{"rendered":"https:\/\/www.fotointern.ch\/?p=275377"},"modified":"2025-06-26T16:00:42","modified_gmt":"2025-06-26T14:00:42","slug":"photobastei-fest-10-jahre-zwischennutzung-am-sihlquai","status":"publish","type":"post","link":"https:\/\/www.fotointern.ch\/archiv\/2025\/06\/26\/photobastei-fest-10-jahre-zwischennutzung-am-sihlquai\/","title":{"rendered":"Photobastei-Fest: 10 Jahre Zwischennutzung am Sihlquai"},"content":{"rendered":"<p>Seit zehn Jahren ist die Photobastei eine fest etablierte Institution f\u00fcr Fotokultur am Z\u00fcrcher Sihlquai. Das Jubil\u00e4um soll nicht nur mit einer rauschenden Party begangen werden, sondern mit einer Sonderausstellung und einem spannenden Programm diverser Referate und Events. <\/p>\n","protected":false},"excerpt":{"rendered":"<p>Seit zehn Jahren ist die Photobastei eine fest etablierte Institution f\u00fcr Fotokultur am Z\u00fcrcher Sihlquai. Das Jubil\u00e4um soll nicht nur mit einer rauschenden Party begangen werden, sondern mit einer Sonderausstellung und einem spannenden Programm diverser Referate und Events. <\/p>\n","protected":false},"author":1,"featured_media":0,"comment_status":"closed","ping_status":"closed","sticky":false,"template":"","format":"standard","meta":{"_exactmetrics_skip_tracking":false,"_exactmetrics_sitenote_active":false,"_exactmetrics_sitenote_note":"","_exactmetrics_sitenote_category":0,"footnotes":""},"categories":[9],"tags":[],"class_list":["post-14678","post","type-post","status-publish","format-standard","hentry","category-foto-news-extern"],"_links":{"self":[{"href":"https:\/\/waelty.ch\/cm\/index.php?rest_route=\/wp\/v2\/posts\/14678","targetHints":{"allow":["GET"]}}],"collection":[{"href":"https:\/\/waelty.ch\/cm\/index.php?rest_route=\/wp\/v2\/posts"}],"about":[{"href":"https:\/\/waelty.ch\/cm\/index.php?rest_route=\/wp\/v2\/types\/post"}],"author":[{"embeddable":true,"href":"https:\/\/waelty.ch\/cm\/index.php?rest_route=\/wp\/v2\/users\/1"}],"replies":[{"embeddable":true,"href":"https:\/\/waelty.ch\/cm\/index.php?rest_route=%2Fwp%2Fv2%2Fcomments&post=14678"}],"version-history":[{"count":0,"href":"https:\/\/waelty.ch\/cm\/index.php?rest_route=\/wp\/v2\/posts\/14678\/revisions"}],"wp:attachment":[{"href":"https:\/\/waelty.ch\/cm\/index.php?rest_route=%2Fwp%2Fv2%2Fmedia&parent=14678"}],"wp:term":[{"taxonomy":"category","embeddable":true,"href":"https:\/\/waelty.ch\/cm\/index.php?rest_route=%2Fwp%2Fv2%2Fcategories&post=14678"},{"taxonomy":"post_tag","embeddable":true,"href":"https:\/\/waelty.ch\/cm\/index.php?rest_route=%2Fwp%2Fv2%2Ftags&post=14678"}],"curies":[{"name":"wp","href":"https:\/\/api.w.org\/{rel}","templated":true}]}}