{"id":14562,"date":"2025-05-17T07:00:33","date_gmt":"2025-05-17T05:00:33","guid":{"rendered":"https:\/\/www.fotointern.ch\/?p=274208"},"modified":"2025-05-17T07:00:33","modified_gmt":"2025-05-17T05:00:33","slug":"fotomuseum-winterthur-eroeffnungsausstellung-the-lure-of-the-image","status":"publish","type":"post","link":"https:\/\/www.fotointern.ch\/archiv\/2025\/05\/17\/fotomuseum-winterthur-eroeffnungsausstellung-the-lure-of-the-image\/","title":{"rendered":"Fotomuseum Winterthur, Er\u00f6ffnungsausstellung: \u00abThe Lure of the Image\u00bb"},"content":{"rendered":"<p>Rund zwei Jahre lang war das Fotomuseum Winterthur geschlossen. Heute, Samstag 17. Mai 2025 ist Er\u00f6ffnung des renovierten und erweiterten Museums, dies mit der Ausstellung \u00abThe Lure of the Image\u00bb, welche \u00abzeitgen\u00f6ssische Formen als digitale Verf\u00fchrungsk\u00fcnstlerin\u00bb zeigt. <\/p>\n","protected":false},"excerpt":{"rendered":"<p>Rund zwei Jahre lang war das Fotomuseum Winterthur geschlossen. Heute, Samstag 17. Mai 2025 ist Er\u00f6ffnung des renovierten und erweiterten Museums, dies mit der Ausstellung \u00abThe Lure of the Image\u00bb, welche \u00abzeitgen\u00f6ssische Formen als digitale Verf\u00fchrungsk\u00fcnstlerin\u00bb zeigt. <\/p>\n","protected":false},"author":1,"featured_media":0,"comment_status":"closed","ping_status":"closed","sticky":false,"template":"","format":"standard","meta":{"_exactmetrics_skip_tracking":false,"_exactmetrics_sitenote_active":false,"_exactmetrics_sitenote_note":"","_exactmetrics_sitenote_category":0,"footnotes":""},"categories":[9],"tags":[],"class_list":["post-14562","post","type-post","status-publish","format-standard","hentry","category-foto-news-extern"],"_links":{"self":[{"href":"https:\/\/waelty.ch\/cm\/index.php?rest_route=\/wp\/v2\/posts\/14562","targetHints":{"allow":["GET"]}}],"collection":[{"href":"https:\/\/waelty.ch\/cm\/index.php?rest_route=\/wp\/v2\/posts"}],"about":[{"href":"https:\/\/waelty.ch\/cm\/index.php?rest_route=\/wp\/v2\/types\/post"}],"author":[{"embeddable":true,"href":"https:\/\/waelty.ch\/cm\/index.php?rest_route=\/wp\/v2\/users\/1"}],"replies":[{"embeddable":true,"href":"https:\/\/waelty.ch\/cm\/index.php?rest_route=%2Fwp%2Fv2%2Fcomments&post=14562"}],"version-history":[{"count":0,"href":"https:\/\/waelty.ch\/cm\/index.php?rest_route=\/wp\/v2\/posts\/14562\/revisions"}],"wp:attachment":[{"href":"https:\/\/waelty.ch\/cm\/index.php?rest_route=%2Fwp%2Fv2%2Fmedia&parent=14562"}],"wp:term":[{"taxonomy":"category","embeddable":true,"href":"https:\/\/waelty.ch\/cm\/index.php?rest_route=%2Fwp%2Fv2%2Fcategories&post=14562"},{"taxonomy":"post_tag","embeddable":true,"href":"https:\/\/waelty.ch\/cm\/index.php?rest_route=%2Fwp%2Fv2%2Ftags&post=14562"}],"curies":[{"name":"wp","href":"https:\/\/api.w.org\/{rel}","templated":true}]}}