{"id":14428,"date":"2025-04-05T10:00:51","date_gmt":"2025-04-05T08:00:51","guid":{"rendered":"https:\/\/www.fotointern.ch\/?p=272666"},"modified":"2025-04-05T10:00:51","modified_gmt":"2025-04-05T08:00:51","slug":"buchtipp-verner-soler-vrin-fluechtige-heimat","status":"publish","type":"post","link":"https:\/\/www.fotointern.ch\/archiv\/2025\/04\/05\/buchtipp-verner-soler-vrin-fluechtige-heimat\/","title":{"rendered":"Buchtipp: Verner Soler \u00abVrin \u2013 Fl\u00fcchtige Heimat\u00bb"},"content":{"rendered":"<p>Er lebt seit 30 Jahren in Los Angeles und kehrt fast jedes Jahr in sein Heimatdorf Vrin im Lugnez zur\u00fcck. Mit dabei ist seine Kamera, mit welcher er seine Eindr\u00fccke und das Leben in dieser kargen Bergwelt festh\u00e4lt. So entstehen Erinnerungen f\u00fcr ihn und eindrucksvolle Bildgeschichten f\u00fcr uns. <\/p>\n","protected":false},"excerpt":{"rendered":"<p>Er lebt seit 30 Jahren in Los Angeles und kehrt fast jedes Jahr in sein Heimatdorf Vrin im Lugnez zur\u00fcck. Mit dabei ist seine Kamera, mit welcher er seine Eindr\u00fccke und das Leben in dieser kargen Bergwelt festh\u00e4lt. So entstehen Erinnerungen f\u00fcr ihn und eindrucksvolle Bildgeschichten f\u00fcr uns. <\/p>\n","protected":false},"author":1,"featured_media":0,"comment_status":"closed","ping_status":"closed","sticky":false,"template":"","format":"standard","meta":{"_exactmetrics_skip_tracking":false,"_exactmetrics_sitenote_active":false,"_exactmetrics_sitenote_note":"","_exactmetrics_sitenote_category":0,"footnotes":""},"categories":[9],"tags":[],"class_list":["post-14428","post","type-post","status-publish","format-standard","hentry","category-foto-news-extern"],"_links":{"self":[{"href":"https:\/\/waelty.ch\/cm\/index.php?rest_route=\/wp\/v2\/posts\/14428","targetHints":{"allow":["GET"]}}],"collection":[{"href":"https:\/\/waelty.ch\/cm\/index.php?rest_route=\/wp\/v2\/posts"}],"about":[{"href":"https:\/\/waelty.ch\/cm\/index.php?rest_route=\/wp\/v2\/types\/post"}],"author":[{"embeddable":true,"href":"https:\/\/waelty.ch\/cm\/index.php?rest_route=\/wp\/v2\/users\/1"}],"replies":[{"embeddable":true,"href":"https:\/\/waelty.ch\/cm\/index.php?rest_route=%2Fwp%2Fv2%2Fcomments&post=14428"}],"version-history":[{"count":0,"href":"https:\/\/waelty.ch\/cm\/index.php?rest_route=\/wp\/v2\/posts\/14428\/revisions"}],"wp:attachment":[{"href":"https:\/\/waelty.ch\/cm\/index.php?rest_route=%2Fwp%2Fv2%2Fmedia&parent=14428"}],"wp:term":[{"taxonomy":"category","embeddable":true,"href":"https:\/\/waelty.ch\/cm\/index.php?rest_route=%2Fwp%2Fv2%2Fcategories&post=14428"},{"taxonomy":"post_tag","embeddable":true,"href":"https:\/\/waelty.ch\/cm\/index.php?rest_route=%2Fwp%2Fv2%2Ftags&post=14428"}],"curies":[{"name":"wp","href":"https:\/\/api.w.org\/{rel}","templated":true}]}}