{"id":1306,"date":"2016-09-15T07:30:00","date_gmt":"2016-09-15T05:30:00","guid":{"rendered":"http:\/\/heise.de\/-3321991"},"modified":"2016-09-15T07:30:00","modified_gmt":"2016-09-15T05:30:00","slug":"photokina-2016-das-wichtigste-auf-einen-blick","status":"publish","type":"post","link":"https:\/\/waelty.ch\/cm\/?p=1306","title":{"rendered":"Photokina 2016: Das Wichtigste auf einen Blick"},"content":{"rendered":"<p><a href=\"http:\/\/www.heise.de\/foto\/meldung\/Photokina-2016-Das-Wichtigste-auf-einen-Blick-3321991.html\"><img decoding=\"async\" src=\"http:\/\/www.heise.de\/scale\/geometry\/264\/q80\/\/imgs\/18\/1\/8\/8\/9\/5\/6\/4\/z_photokina_keyvisual_EN_channeoe-eef12de58e26caf0.jpeg\" alt=\"\" \/><\/a><\/p>\n<p>Am Dienstag startet in K\u00f6ln die weltgr\u00f6\u00dfte Fotomesse Photokina. Was Sie auf der Leitmesse der Branche erwartet, verraten wir hier. Und wir haben einen kurzen Tipp f\u00fcr berufst\u00e4tige Hotelg\u00e4ste.<\/p>\n","protected":false},"excerpt":{"rendered":"<p>Am Dienstag startet in K\u00f6ln die weltgr\u00f6\u00dfte Fotomesse Photokina. Was Sie auf der Leitmesse der Branche erwartet, verraten wir hier. Und wir haben einen kurzen Tipp f\u00fcr berufst\u00e4tige Hotelg\u00e4ste. <\/p>\n","protected":false},"author":1,"featured_media":0,"comment_status":"open","ping_status":"closed","sticky":false,"template":"","format":"standard","meta":{"_exactmetrics_skip_tracking":false,"_exactmetrics_sitenote_active":false,"_exactmetrics_sitenote_note":"","_exactmetrics_sitenote_category":0,"footnotes":""},"categories":[9],"tags":[],"class_list":["post-1306","post","type-post","status-publish","format-standard","hentry","category-foto-news-extern"],"_links":{"self":[{"href":"https:\/\/waelty.ch\/cm\/index.php?rest_route=\/wp\/v2\/posts\/1306","targetHints":{"allow":["GET"]}}],"collection":[{"href":"https:\/\/waelty.ch\/cm\/index.php?rest_route=\/wp\/v2\/posts"}],"about":[{"href":"https:\/\/waelty.ch\/cm\/index.php?rest_route=\/wp\/v2\/types\/post"}],"author":[{"embeddable":true,"href":"https:\/\/waelty.ch\/cm\/index.php?rest_route=\/wp\/v2\/users\/1"}],"replies":[{"embeddable":true,"href":"https:\/\/waelty.ch\/cm\/index.php?rest_route=%2Fwp%2Fv2%2Fcomments&post=1306"}],"version-history":[{"count":0,"href":"https:\/\/waelty.ch\/cm\/index.php?rest_route=\/wp\/v2\/posts\/1306\/revisions"}],"wp:attachment":[{"href":"https:\/\/waelty.ch\/cm\/index.php?rest_route=%2Fwp%2Fv2%2Fmedia&parent=1306"}],"wp:term":[{"taxonomy":"category","embeddable":true,"href":"https:\/\/waelty.ch\/cm\/index.php?rest_route=%2Fwp%2Fv2%2Fcategories&post=1306"},{"taxonomy":"post_tag","embeddable":true,"href":"https:\/\/waelty.ch\/cm\/index.php?rest_route=%2Fwp%2Fv2%2Ftags&post=1306"}],"curies":[{"name":"wp","href":"https:\/\/api.w.org\/{rel}","templated":true}]}}