{"id":1291,"date":"2016-09-14T10:23:00","date_gmt":"2016-09-14T08:23:00","guid":{"rendered":"http:\/\/heise.de\/-3321509"},"modified":"2016-09-14T10:23:00","modified_gmt":"2016-09-14T08:23:00","slug":"meyer-optik-goerlitz-stellt-primoplan-1-975-mm-vor","status":"publish","type":"post","link":"https:\/\/waelty.ch\/cm\/?p=1291","title":{"rendered":"Meyer-Optik-G\u00f6rlitz stellt Primoplan 1.9\/75 mm vor"},"content":{"rendered":"<p><a href=\"http:\/\/www.heise.de\/foto\/meldung\/Meyer-Optik-Goerlitz-stellt-Primoplan-1-9-75-mm-vor-3321509.html\"><img decoding=\"async\" src=\"http:\/\/www.heise.de\/scale\/geometry\/264\/q80\/\/imgs\/18\/1\/8\/8\/9\/2\/9\/0\/primoplan_70_b-321cc5ba1f1abe87.jpeg\" alt=\"\" \/><\/a><\/p>\n<p>Ein Prototyp des Meyer-Optik-G\u00f6rlitz Primoplan 1.9\/75 mm wurde auf den G\u00f6rlitzer Fototagen vorgestellt. Die Neuauflage wurde von Wolf-Dieter Prenzel in G\u00f6rlitz neu gerechnet und ist f\u00fcr knapp 1500 Euro vorbestellbar. <\/p>\n","protected":false},"excerpt":{"rendered":"<p>Ein Prototyp des Meyer-Optik-G\u00f6rlitz Primoplan 1.9\/75 mm wurde auf den G\u00f6rlitzer Fototagen vorgestellt. Die Neuauflage wurde von Wolf-Dieter Prenzel in G\u00f6rlitz neu gerechnet und ist f\u00fcr knapp 1500 Euro vorbestellbar. <\/p>\n","protected":false},"author":1,"featured_media":0,"comment_status":"open","ping_status":"closed","sticky":false,"template":"","format":"standard","meta":{"_exactmetrics_skip_tracking":false,"_exactmetrics_sitenote_active":false,"_exactmetrics_sitenote_note":"","_exactmetrics_sitenote_category":0,"footnotes":""},"categories":[9],"tags":[],"class_list":["post-1291","post","type-post","status-publish","format-standard","hentry","category-foto-news-extern"],"_links":{"self":[{"href":"https:\/\/waelty.ch\/cm\/index.php?rest_route=\/wp\/v2\/posts\/1291","targetHints":{"allow":["GET"]}}],"collection":[{"href":"https:\/\/waelty.ch\/cm\/index.php?rest_route=\/wp\/v2\/posts"}],"about":[{"href":"https:\/\/waelty.ch\/cm\/index.php?rest_route=\/wp\/v2\/types\/post"}],"author":[{"embeddable":true,"href":"https:\/\/waelty.ch\/cm\/index.php?rest_route=\/wp\/v2\/users\/1"}],"replies":[{"embeddable":true,"href":"https:\/\/waelty.ch\/cm\/index.php?rest_route=%2Fwp%2Fv2%2Fcomments&post=1291"}],"version-history":[{"count":0,"href":"https:\/\/waelty.ch\/cm\/index.php?rest_route=\/wp\/v2\/posts\/1291\/revisions"}],"wp:attachment":[{"href":"https:\/\/waelty.ch\/cm\/index.php?rest_route=%2Fwp%2Fv2%2Fmedia&parent=1291"}],"wp:term":[{"taxonomy":"category","embeddable":true,"href":"https:\/\/waelty.ch\/cm\/index.php?rest_route=%2Fwp%2Fv2%2Fcategories&post=1291"},{"taxonomy":"post_tag","embeddable":true,"href":"https:\/\/waelty.ch\/cm\/index.php?rest_route=%2Fwp%2Fv2%2Ftags&post=1291"}],"curies":[{"name":"wp","href":"https:\/\/api.w.org\/{rel}","templated":true}]}}