{"id":1279,"date":"2016-09-13T07:00:51","date_gmt":"2016-09-13T05:00:51","guid":{"rendered":"http:\/\/www.fotointern.ch\/?p=128919"},"modified":"2016-09-13T07:00:51","modified_gmt":"2016-09-13T05:00:51","slug":"heute-in-einer-woche-ist-photokina-jetzt-vorbereiten","status":"publish","type":"post","link":"http:\/\/feedproxy.google.com\/~r\/fotointern\/~3\/jSn1EaFr-aI\/","title":{"rendered":"Heute in einer Woche ist photokina \u2013 jetzt vorbereiten \u2026"},"content":{"rendered":"<p>Heute in einer Woche ist photokina in K\u00f6ln, die weltgr\u00f6sste Leitmesse f\u00fcr Digital Imaging. Sie findet dieses Jahr bereits zum 34. Mal vom 20. bis 25. September 2016 statt und richtet sich vertst\u00e4rkt an eine junge Besucherschaft, bei welche Smartphones und Sozialnetzwerke zu den Hauptinteressen geh\u00f6ren. Die photokina tr\u00e4gt diesem Trend mit vielen originellen Attraktionen [&#8230;]<img loading=\"lazy\" decoding=\"async\" src=\"http:\/\/feeds.feedburner.com\/~r\/fotointern\/~4\/jSn1EaFr-aI\" height=\"1\" width=\"1\" alt=\"\"\/> <\/p>\n","protected":false},"excerpt":{"rendered":"<p>Heute in einer Woche ist photokina in K\u00f6ln, die weltgr\u00f6sste Leitmesse f\u00fcr Digital Imaging. Sie findet dieses Jahr bereits zum 34. Mal vom 20. bis 25. September 2016 statt und richtet sich vertst\u00e4rkt an eine junge Besucherschaft, bei welche Smartphones und Sozialnetzwerke zu den Hauptinteressen geh\u00f6ren. Die photokina tr\u00e4gt diesem Trend mit vielen originellen Attraktionen [&#8230;]<img loading=\"lazy\" decoding=\"async\" src=\"http:\/\/feeds.feedburner.com\/~r\/fotointern\/~4\/jSn1EaFr-aI\" height=\"1\" width=\"1\" alt=\"\"\/> <\/p>\n","protected":false},"author":1,"featured_media":0,"comment_status":"open","ping_status":"closed","sticky":false,"template":"","format":"standard","meta":{"_exactmetrics_skip_tracking":false,"_exactmetrics_sitenote_active":false,"_exactmetrics_sitenote_note":"","_exactmetrics_sitenote_category":0,"footnotes":""},"categories":[9],"tags":[],"class_list":["post-1279","post","type-post","status-publish","format-standard","hentry","category-foto-news-extern"],"_links":{"self":[{"href":"https:\/\/waelty.ch\/cm\/index.php?rest_route=\/wp\/v2\/posts\/1279","targetHints":{"allow":["GET"]}}],"collection":[{"href":"https:\/\/waelty.ch\/cm\/index.php?rest_route=\/wp\/v2\/posts"}],"about":[{"href":"https:\/\/waelty.ch\/cm\/index.php?rest_route=\/wp\/v2\/types\/post"}],"author":[{"embeddable":true,"href":"https:\/\/waelty.ch\/cm\/index.php?rest_route=\/wp\/v2\/users\/1"}],"replies":[{"embeddable":true,"href":"https:\/\/waelty.ch\/cm\/index.php?rest_route=%2Fwp%2Fv2%2Fcomments&post=1279"}],"version-history":[{"count":0,"href":"https:\/\/waelty.ch\/cm\/index.php?rest_route=\/wp\/v2\/posts\/1279\/revisions"}],"wp:attachment":[{"href":"https:\/\/waelty.ch\/cm\/index.php?rest_route=%2Fwp%2Fv2%2Fmedia&parent=1279"}],"wp:term":[{"taxonomy":"category","embeddable":true,"href":"https:\/\/waelty.ch\/cm\/index.php?rest_route=%2Fwp%2Fv2%2Fcategories&post=1279"},{"taxonomy":"post_tag","embeddable":true,"href":"https:\/\/waelty.ch\/cm\/index.php?rest_route=%2Fwp%2Fv2%2Ftags&post=1279"}],"curies":[{"name":"wp","href":"https:\/\/api.w.org\/{rel}","templated":true}]}}