{"id":1273,"date":"2016-09-12T08:45:00","date_gmt":"2016-09-12T06:45:00","guid":{"rendered":"http:\/\/heise.de\/-3317999"},"modified":"2016-09-12T08:45:00","modified_gmt":"2016-09-12T06:45:00","slug":"koeln-wird-zur-foto-stadt","status":"publish","type":"post","link":"https:\/\/waelty.ch\/cm\/?p=1273","title":{"rendered":"K\u00f6ln wird zur Foto-Stadt"},"content":{"rendered":"<p><a href=\"http:\/\/www.heise.de\/foto\/meldung\/Koeln-wird-zur-Foto-Stadt-3317999.html\"><img decoding=\"async\" src=\"http:\/\/www.heise.de\/scale\/geometry\/264\/q80\/\/imgs\/18\/1\/8\/8\/7\/0\/4\/9\/Veranstaltungsfotografie-copyright-joachim-cluesserath-anriss-8088f68e85196653.jpeg\" alt=\"\" \/><\/a><\/p>\n<p>Fotofreunde m\u00fcssen sich zur Photokina nicht auf die Messehallen beschr\u00e4nken. K\u00f6ln bietet ein reichhaltiges Rahmenprogramm mit Workshops, Fotorundg\u00e4ngen und Ausstellungen.<\/p>\n","protected":false},"excerpt":{"rendered":"<p>Fotofreunde m\u00fcssen sich zur Photokina nicht auf die Messehallen beschr\u00e4nken. K\u00f6ln bietet ein reichhaltiges Rahmenprogramm mit Workshops, Fotorundg\u00e4ngen und Ausstellungen. <\/p>\n","protected":false},"author":1,"featured_media":0,"comment_status":"open","ping_status":"closed","sticky":false,"template":"","format":"standard","meta":{"_exactmetrics_skip_tracking":false,"_exactmetrics_sitenote_active":false,"_exactmetrics_sitenote_note":"","_exactmetrics_sitenote_category":0,"footnotes":""},"categories":[9],"tags":[],"class_list":["post-1273","post","type-post","status-publish","format-standard","hentry","category-foto-news-extern"],"_links":{"self":[{"href":"https:\/\/waelty.ch\/cm\/index.php?rest_route=\/wp\/v2\/posts\/1273","targetHints":{"allow":["GET"]}}],"collection":[{"href":"https:\/\/waelty.ch\/cm\/index.php?rest_route=\/wp\/v2\/posts"}],"about":[{"href":"https:\/\/waelty.ch\/cm\/index.php?rest_route=\/wp\/v2\/types\/post"}],"author":[{"embeddable":true,"href":"https:\/\/waelty.ch\/cm\/index.php?rest_route=\/wp\/v2\/users\/1"}],"replies":[{"embeddable":true,"href":"https:\/\/waelty.ch\/cm\/index.php?rest_route=%2Fwp%2Fv2%2Fcomments&post=1273"}],"version-history":[{"count":0,"href":"https:\/\/waelty.ch\/cm\/index.php?rest_route=\/wp\/v2\/posts\/1273\/revisions"}],"wp:attachment":[{"href":"https:\/\/waelty.ch\/cm\/index.php?rest_route=%2Fwp%2Fv2%2Fmedia&parent=1273"}],"wp:term":[{"taxonomy":"category","embeddable":true,"href":"https:\/\/waelty.ch\/cm\/index.php?rest_route=%2Fwp%2Fv2%2Fcategories&post=1273"},{"taxonomy":"post_tag","embeddable":true,"href":"https:\/\/waelty.ch\/cm\/index.php?rest_route=%2Fwp%2Fv2%2Ftags&post=1273"}],"curies":[{"name":"wp","href":"https:\/\/api.w.org\/{rel}","templated":true}]}}