{"id":1270,"date":"2016-09-12T16:42:15","date_gmt":"2016-09-12T14:42:15","guid":{"rendered":"http:\/\/www.fotointern.ch\/?p=128922"},"modified":"2016-09-12T16:42:15","modified_gmt":"2016-09-12T14:42:15","slug":"fotos-selbst-ausdrucken-aber-mit-welchem-drucker","status":"publish","type":"post","link":"http:\/\/feedproxy.google.com\/~r\/fotointern\/~3\/jv2MTmzPoUs\/","title":{"rendered":"Fotos selbst ausdrucken \u2013 aber mit welchem Drucker?"},"content":{"rendered":"<p>Es werden immer mehr Fotos gemacht. Wer seine Bilder gesichert wissen oder diese verteilen will, druckt sich die Bilder am besten aus \u2013 denn nur die Prints sind wirklich haltbar. Doch welche Arten von Drucker gibt es? Und welcher Drucker ist f\u00fcr welchen Zweck der beste? Hier eine \u00dcbersicht. &#160; Sp\u00e4testens seitdem fast jeder ein [&#8230;]<img loading=\"lazy\" decoding=\"async\" src=\"http:\/\/feeds.feedburner.com\/~r\/fotointern\/~4\/jv2MTmzPoUs\" height=\"1\" width=\"1\" alt=\"\"\/> <\/p>\n","protected":false},"excerpt":{"rendered":"<p>Es werden immer mehr Fotos gemacht. Wer seine Bilder gesichert wissen oder diese verteilen will, druckt sich die Bilder am besten aus \u2013 denn nur die Prints sind wirklich haltbar. Doch welche Arten von Drucker gibt es? Und welcher Drucker ist f\u00fcr welchen Zweck der beste? Hier eine \u00dcbersicht. &#160; Sp\u00e4testens seitdem fast jeder ein [&#8230;]<img loading=\"lazy\" decoding=\"async\" src=\"http:\/\/feeds.feedburner.com\/~r\/fotointern\/~4\/jv2MTmzPoUs\" height=\"1\" width=\"1\" alt=\"\"\/> <\/p>\n","protected":false},"author":1,"featured_media":0,"comment_status":"open","ping_status":"closed","sticky":false,"template":"","format":"standard","meta":{"_exactmetrics_skip_tracking":false,"_exactmetrics_sitenote_active":false,"_exactmetrics_sitenote_note":"","_exactmetrics_sitenote_category":0,"footnotes":""},"categories":[9],"tags":[],"class_list":["post-1270","post","type-post","status-publish","format-standard","hentry","category-foto-news-extern"],"_links":{"self":[{"href":"https:\/\/waelty.ch\/cm\/index.php?rest_route=\/wp\/v2\/posts\/1270","targetHints":{"allow":["GET"]}}],"collection":[{"href":"https:\/\/waelty.ch\/cm\/index.php?rest_route=\/wp\/v2\/posts"}],"about":[{"href":"https:\/\/waelty.ch\/cm\/index.php?rest_route=\/wp\/v2\/types\/post"}],"author":[{"embeddable":true,"href":"https:\/\/waelty.ch\/cm\/index.php?rest_route=\/wp\/v2\/users\/1"}],"replies":[{"embeddable":true,"href":"https:\/\/waelty.ch\/cm\/index.php?rest_route=%2Fwp%2Fv2%2Fcomments&post=1270"}],"version-history":[{"count":0,"href":"https:\/\/waelty.ch\/cm\/index.php?rest_route=\/wp\/v2\/posts\/1270\/revisions"}],"wp:attachment":[{"href":"https:\/\/waelty.ch\/cm\/index.php?rest_route=%2Fwp%2Fv2%2Fmedia&parent=1270"}],"wp:term":[{"taxonomy":"category","embeddable":true,"href":"https:\/\/waelty.ch\/cm\/index.php?rest_route=%2Fwp%2Fv2%2Fcategories&post=1270"},{"taxonomy":"post_tag","embeddable":true,"href":"https:\/\/waelty.ch\/cm\/index.php?rest_route=%2Fwp%2Fv2%2Ftags&post=1270"}],"curies":[{"name":"wp","href":"https:\/\/api.w.org\/{rel}","templated":true}]}}