{"id":1268,"date":"2016-09-10T13:33:00","date_gmt":"2016-09-10T11:33:00","guid":{"rendered":"http:\/\/heise.de\/-3317748"},"modified":"2016-09-10T13:33:00","modified_gmt":"2016-09-10T11:33:00","slug":"facebook-gibt-im-streit-um-foto-aus-dem-vietnam-krieg-nach","status":"publish","type":"post","link":"https:\/\/waelty.ch\/cm\/?p=1268","title":{"rendered":"Facebook gibt im Streit um Foto aus dem Vietnam-Krieg nach"},"content":{"rendered":"<p><a href=\"http:\/\/www.heise.de\/foto\/meldung\/Facebook-gibt-im-Streit-um-Foto-aus-dem-Vietnam-Krieg-nach-3317748.html\"><img decoding=\"async\" src=\"http:\/\/www.heise.de\/scale\/geometry\/264\/q80\/\/imgs\/18\/1\/8\/8\/6\/8\/2\/4\/ir_engine-5fd552af77446c94.jpeg\" alt=\"\" \/><\/a><\/p>\n<p>Es ist ein Foto, das dem Vietnam-Krieg ein Gesicht gab: Ein M\u00e4dchen ohne Kleider l\u00e4uft nach einer Napalm-Attacke weinend \u00fcber die Stra\u00dfe. Facebook l\u00f6scht einen Artikel mit dem Bild, weil es ein nacktes Kind zeige. Das Netzwerk machte nun eine Kehrtwende.<\/p>\n","protected":false},"excerpt":{"rendered":"<p>Es ist ein Foto, das dem Vietnam-Krieg ein Gesicht gab: Ein M\u00e4dchen ohne Kleider l\u00e4uft nach einer Napalm-Attacke weinend \u00fcber die Stra\u00dfe. Facebook l\u00f6scht einen Artikel mit dem Bild, weil es ein nacktes Kind zeige. Das Netzwerk machte nun eine Kehrtwende. <\/p>\n","protected":false},"author":1,"featured_media":0,"comment_status":"open","ping_status":"closed","sticky":false,"template":"","format":"standard","meta":{"_exactmetrics_skip_tracking":false,"_exactmetrics_sitenote_active":false,"_exactmetrics_sitenote_note":"","_exactmetrics_sitenote_category":0,"footnotes":""},"categories":[9],"tags":[],"class_list":["post-1268","post","type-post","status-publish","format-standard","hentry","category-foto-news-extern"],"_links":{"self":[{"href":"https:\/\/waelty.ch\/cm\/index.php?rest_route=\/wp\/v2\/posts\/1268","targetHints":{"allow":["GET"]}}],"collection":[{"href":"https:\/\/waelty.ch\/cm\/index.php?rest_route=\/wp\/v2\/posts"}],"about":[{"href":"https:\/\/waelty.ch\/cm\/index.php?rest_route=\/wp\/v2\/types\/post"}],"author":[{"embeddable":true,"href":"https:\/\/waelty.ch\/cm\/index.php?rest_route=\/wp\/v2\/users\/1"}],"replies":[{"embeddable":true,"href":"https:\/\/waelty.ch\/cm\/index.php?rest_route=%2Fwp%2Fv2%2Fcomments&post=1268"}],"version-history":[{"count":0,"href":"https:\/\/waelty.ch\/cm\/index.php?rest_route=\/wp\/v2\/posts\/1268\/revisions"}],"wp:attachment":[{"href":"https:\/\/waelty.ch\/cm\/index.php?rest_route=%2Fwp%2Fv2%2Fmedia&parent=1268"}],"wp:term":[{"taxonomy":"category","embeddable":true,"href":"https:\/\/waelty.ch\/cm\/index.php?rest_route=%2Fwp%2Fv2%2Fcategories&post=1268"},{"taxonomy":"post_tag","embeddable":true,"href":"https:\/\/waelty.ch\/cm\/index.php?rest_route=%2Fwp%2Fv2%2Ftags&post=1268"}],"curies":[{"name":"wp","href":"https:\/\/api.w.org\/{rel}","templated":true}]}}