{"id":1257,"date":"2016-09-09T14:53:00","date_gmt":"2016-09-09T12:53:00","guid":{"rendered":"http:\/\/heise.de\/-3317454"},"modified":"2016-09-09T14:53:00","modified_gmt":"2016-09-09T12:53:00","slug":"journalistenverband-zur-fotozensur-facebook-greift-in-pressefreiheit-ein","status":"publish","type":"post","link":"https:\/\/waelty.ch\/cm\/?p=1257","title":{"rendered":"Journalistenverband zur Fotozensur: Facebook greift in Pressefreiheit ein"},"content":{"rendered":"<p><a href=\"http:\/\/www.heise.de\/foto\/meldung\/Journalistenverband-zur-Fotozensur-Facebook-greift-in-Pressefreiheit-ein-3317454.html\"><img decoding=\"async\" src=\"http:\/\/www.heise.de\/scale\/geometry\/264\/q80\/\/imgs\/18\/1\/8\/8\/6\/6\/1\/8\/Bildschirmfoto_2016-09-09_um_14-2d7188976c54dc01.jpeg\" alt=\"\" \/><\/a><\/p>\n<p>Nachdem Facebook ein Post der norwegischen Tageszeitung Aftenposten gel\u00f6scht hat, weil es historisches Foto mit einem nackten M\u00e4dchen enth\u00e4lt, meldet sich der Deutsche Journalistenverband zu Wort.<\/p>\n","protected":false},"excerpt":{"rendered":"<p>Nachdem Facebook ein Post der norwegischen Tageszeitung Aftenposten gel\u00f6scht hat, weil es historisches Foto mit einem nackten M\u00e4dchen enth\u00e4lt, meldet sich der Deutsche Journalistenverband zu Wort. <\/p>\n","protected":false},"author":1,"featured_media":0,"comment_status":"open","ping_status":"closed","sticky":false,"template":"","format":"standard","meta":{"_exactmetrics_skip_tracking":false,"_exactmetrics_sitenote_active":false,"_exactmetrics_sitenote_note":"","_exactmetrics_sitenote_category":0,"footnotes":""},"categories":[9],"tags":[],"class_list":["post-1257","post","type-post","status-publish","format-standard","hentry","category-foto-news-extern"],"_links":{"self":[{"href":"https:\/\/waelty.ch\/cm\/index.php?rest_route=\/wp\/v2\/posts\/1257","targetHints":{"allow":["GET"]}}],"collection":[{"href":"https:\/\/waelty.ch\/cm\/index.php?rest_route=\/wp\/v2\/posts"}],"about":[{"href":"https:\/\/waelty.ch\/cm\/index.php?rest_route=\/wp\/v2\/types\/post"}],"author":[{"embeddable":true,"href":"https:\/\/waelty.ch\/cm\/index.php?rest_route=\/wp\/v2\/users\/1"}],"replies":[{"embeddable":true,"href":"https:\/\/waelty.ch\/cm\/index.php?rest_route=%2Fwp%2Fv2%2Fcomments&post=1257"}],"version-history":[{"count":0,"href":"https:\/\/waelty.ch\/cm\/index.php?rest_route=\/wp\/v2\/posts\/1257\/revisions"}],"wp:attachment":[{"href":"https:\/\/waelty.ch\/cm\/index.php?rest_route=%2Fwp%2Fv2%2Fmedia&parent=1257"}],"wp:term":[{"taxonomy":"category","embeddable":true,"href":"https:\/\/waelty.ch\/cm\/index.php?rest_route=%2Fwp%2Fv2%2Fcategories&post=1257"},{"taxonomy":"post_tag","embeddable":true,"href":"https:\/\/waelty.ch\/cm\/index.php?rest_route=%2Fwp%2Fv2%2Ftags&post=1257"}],"curies":[{"name":"wp","href":"https:\/\/api.w.org\/{rel}","templated":true}]}}