{"id":1255,"date":"2016-09-09T09:52:45","date_gmt":"2016-09-09T07:52:45","guid":{"rendered":"http:\/\/www.fotointern.ch\/?p=128828"},"modified":"2016-09-09T09:52:45","modified_gmt":"2016-09-09T07:52:45","slug":"sony-stellt-4k-premium-aps-c-zoom-18-110mm-fuer-videografen-vor","status":"publish","type":"post","link":"http:\/\/feedproxy.google.com\/~r\/fotointern\/~3\/OyahtwDaWbY\/","title":{"rendered":"Sony stellt 4K Premium APS-C Zoom 18-110mm f\u00fcr Videografen vor"},"content":{"rendered":"<p>Die h\u00f6here Aufl\u00f6sung bei Videoaufnahmen verlangt nach besseren Objektiven. F\u00fcr diese Anwendergruppe bringt Sony jetzt ein APS-C Premium Zoom mit 4K Qualit\u00e4t, konstanter Lichtst\u00e4rke von 4.0 und einem Brennweitenbereich von 18 bis 110 mm (KB = 27-165 mm). Das Objektiv ist f\u00fcr den Einsatz an der Alpha 6300, der PXW-FS7 oder mit den Kameras der [&#8230;]<img loading=\"lazy\" decoding=\"async\" src=\"http:\/\/feeds.feedburner.com\/~r\/fotointern\/~4\/OyahtwDaWbY\" height=\"1\" width=\"1\" alt=\"\"\/> <\/p>\n","protected":false},"excerpt":{"rendered":"<p>Die h\u00f6here Aufl\u00f6sung bei Videoaufnahmen verlangt nach besseren Objektiven. F\u00fcr diese Anwendergruppe bringt Sony jetzt ein APS-C Premium Zoom mit 4K Qualit\u00e4t, konstanter Lichtst\u00e4rke von 4.0 und einem Brennweitenbereich von 18 bis 110 mm (KB = 27-165 mm). Das Objektiv ist f\u00fcr den Einsatz an der Alpha 6300, der PXW-FS7 oder mit den Kameras der [&#8230;]<img loading=\"lazy\" decoding=\"async\" src=\"http:\/\/feeds.feedburner.com\/~r\/fotointern\/~4\/OyahtwDaWbY\" height=\"1\" width=\"1\" alt=\"\"\/> <\/p>\n","protected":false},"author":1,"featured_media":0,"comment_status":"open","ping_status":"closed","sticky":false,"template":"","format":"standard","meta":{"_exactmetrics_skip_tracking":false,"_exactmetrics_sitenote_active":false,"_exactmetrics_sitenote_note":"","_exactmetrics_sitenote_category":0,"footnotes":""},"categories":[9],"tags":[],"class_list":["post-1255","post","type-post","status-publish","format-standard","hentry","category-foto-news-extern"],"_links":{"self":[{"href":"https:\/\/waelty.ch\/cm\/index.php?rest_route=\/wp\/v2\/posts\/1255","targetHints":{"allow":["GET"]}}],"collection":[{"href":"https:\/\/waelty.ch\/cm\/index.php?rest_route=\/wp\/v2\/posts"}],"about":[{"href":"https:\/\/waelty.ch\/cm\/index.php?rest_route=\/wp\/v2\/types\/post"}],"author":[{"embeddable":true,"href":"https:\/\/waelty.ch\/cm\/index.php?rest_route=\/wp\/v2\/users\/1"}],"replies":[{"embeddable":true,"href":"https:\/\/waelty.ch\/cm\/index.php?rest_route=%2Fwp%2Fv2%2Fcomments&post=1255"}],"version-history":[{"count":0,"href":"https:\/\/waelty.ch\/cm\/index.php?rest_route=\/wp\/v2\/posts\/1255\/revisions"}],"wp:attachment":[{"href":"https:\/\/waelty.ch\/cm\/index.php?rest_route=%2Fwp%2Fv2%2Fmedia&parent=1255"}],"wp:term":[{"taxonomy":"category","embeddable":true,"href":"https:\/\/waelty.ch\/cm\/index.php?rest_route=%2Fwp%2Fv2%2Fcategories&post=1255"},{"taxonomy":"post_tag","embeddable":true,"href":"https:\/\/waelty.ch\/cm\/index.php?rest_route=%2Fwp%2Fv2%2Ftags&post=1255"}],"curies":[{"name":"wp","href":"https:\/\/api.w.org\/{rel}","templated":true}]}}