{"id":1254,"date":"2016-09-09T15:00:32","date_gmt":"2016-09-09T13:00:32","guid":{"rendered":"http:\/\/www.fotointern.ch\/?p=128835"},"modified":"2016-09-09T15:00:32","modified_gmt":"2016-09-09T13:00:32","slug":"images-2016-in-vevey-eine-stadt-voll-mit-fotografie","status":"publish","type":"post","link":"http:\/\/feedproxy.google.com\/~r\/fotointern\/~3\/O1IU3zpgkrg\/","title":{"rendered":"Images 2016 in Vevey: Eine Stadt voll mit Fotografie"},"content":{"rendered":"<p>Sie ist alle zwei Jahre ein Grossereignis, die \u00abImage\u00bb in Vevey. Dieses Jahr wird sie fr\u00fchere Images \u00fcbertrumpfen, mit insgesamt 75 Projekten und Fotok\u00fcnstlern aus 15 L\u00e4ndern. Das Thema: \u00abImmersion\u00bb \u2013 Eintauchen in die Welt der Kreativit\u00e4t, der visuellen K\u00fcnste, der exklusiven Installationen. Fotografie erleben, Trends mitverfolgen, in Bildern denken \u2026 &#160; Die \u00abImage\u00bb beginnt [&#8230;]<img loading=\"lazy\" decoding=\"async\" src=\"http:\/\/feeds.feedburner.com\/~r\/fotointern\/~4\/O1IU3zpgkrg\" height=\"1\" width=\"1\" alt=\"\"\/> <\/p>\n","protected":false},"excerpt":{"rendered":"<p>Sie ist alle zwei Jahre ein Grossereignis, die \u00abImage\u00bb in Vevey. Dieses Jahr wird sie fr\u00fchere Images \u00fcbertrumpfen, mit insgesamt 75 Projekten und Fotok\u00fcnstlern aus 15 L\u00e4ndern. Das Thema: \u00abImmersion\u00bb \u2013 Eintauchen in die Welt der Kreativit\u00e4t, der visuellen K\u00fcnste, der exklusiven Installationen. Fotografie erleben, Trends mitverfolgen, in Bildern denken \u2026 &#160; Die \u00abImage\u00bb beginnt [&#8230;]<img loading=\"lazy\" decoding=\"async\" src=\"http:\/\/feeds.feedburner.com\/~r\/fotointern\/~4\/O1IU3zpgkrg\" height=\"1\" width=\"1\" alt=\"\"\/> <\/p>\n","protected":false},"author":1,"featured_media":0,"comment_status":"open","ping_status":"closed","sticky":false,"template":"","format":"standard","meta":{"_exactmetrics_skip_tracking":false,"_exactmetrics_sitenote_active":false,"_exactmetrics_sitenote_note":"","_exactmetrics_sitenote_category":0,"footnotes":""},"categories":[9],"tags":[],"class_list":["post-1254","post","type-post","status-publish","format-standard","hentry","category-foto-news-extern"],"_links":{"self":[{"href":"https:\/\/waelty.ch\/cm\/index.php?rest_route=\/wp\/v2\/posts\/1254","targetHints":{"allow":["GET"]}}],"collection":[{"href":"https:\/\/waelty.ch\/cm\/index.php?rest_route=\/wp\/v2\/posts"}],"about":[{"href":"https:\/\/waelty.ch\/cm\/index.php?rest_route=\/wp\/v2\/types\/post"}],"author":[{"embeddable":true,"href":"https:\/\/waelty.ch\/cm\/index.php?rest_route=\/wp\/v2\/users\/1"}],"replies":[{"embeddable":true,"href":"https:\/\/waelty.ch\/cm\/index.php?rest_route=%2Fwp%2Fv2%2Fcomments&post=1254"}],"version-history":[{"count":0,"href":"https:\/\/waelty.ch\/cm\/index.php?rest_route=\/wp\/v2\/posts\/1254\/revisions"}],"wp:attachment":[{"href":"https:\/\/waelty.ch\/cm\/index.php?rest_route=%2Fwp%2Fv2%2Fmedia&parent=1254"}],"wp:term":[{"taxonomy":"category","embeddable":true,"href":"https:\/\/waelty.ch\/cm\/index.php?rest_route=%2Fwp%2Fv2%2Fcategories&post=1254"},{"taxonomy":"post_tag","embeddable":true,"href":"https:\/\/waelty.ch\/cm\/index.php?rest_route=%2Fwp%2Fv2%2Ftags&post=1254"}],"curies":[{"name":"wp","href":"https:\/\/api.w.org\/{rel}","templated":true}]}}