{"id":1251,"date":"2016-09-08T07:12:00","date_gmt":"2016-09-08T05:12:00","guid":{"rendered":"http:\/\/heise.de\/-3315649"},"modified":"2016-09-08T07:12:00","modified_gmt":"2016-09-08T05:12:00","slug":"fujifilm-stellt-schwarz-weiss-film-fuer-instax-mini-vor","status":"publish","type":"post","link":"https:\/\/waelty.ch\/cm\/?p=1251","title":{"rendered":"Fujifilm stellt Schwarz-wei\u00df-Film f\u00fcr instax mini vor"},"content":{"rendered":"<p><a href=\"http:\/\/www.heise.de\/foto\/meldung\/Fujifilm-stellt-Schwarz-weiss-Film-fuer-instax-mini-vor-3315649.html\"><img decoding=\"async\" src=\"http:\/\/www.heise.de\/scale\/geometry\/264\/q80\/\/imgs\/18\/1\/8\/8\/5\/2\/7\/9\/instax-0985f5f1409af158.jpeg\" alt=\"\" \/><\/a><\/p>\n<p>Fujifilm erweitert das Sortiment seiner instax-Sofortbildfilme um eine monochrome Schwarz\/Wei\u00df-Variante f\u00fcr die instax-mini-Kameras. Ab Oktober soll der neue Film unter dem Namen &#8222;instax mini film Monochrome&#8220; verf\u00fcgbar sein. <\/p>\n","protected":false},"excerpt":{"rendered":"<p>Fujifilm erweitert das Sortiment seiner instax-Sofortbildfilme um eine monochrome Schwarz\/Wei\u00df-Variante f\u00fcr die instax-mini-Kameras. Ab Oktober soll der neue Film unter dem Namen &#8222;instax mini film Monochrome&#8220; verf\u00fcgbar sein. <\/p>\n","protected":false},"author":1,"featured_media":0,"comment_status":"open","ping_status":"closed","sticky":false,"template":"","format":"standard","meta":{"_exactmetrics_skip_tracking":false,"_exactmetrics_sitenote_active":false,"_exactmetrics_sitenote_note":"","_exactmetrics_sitenote_category":0,"footnotes":""},"categories":[9],"tags":[],"class_list":["post-1251","post","type-post","status-publish","format-standard","hentry","category-foto-news-extern"],"_links":{"self":[{"href":"https:\/\/waelty.ch\/cm\/index.php?rest_route=\/wp\/v2\/posts\/1251","targetHints":{"allow":["GET"]}}],"collection":[{"href":"https:\/\/waelty.ch\/cm\/index.php?rest_route=\/wp\/v2\/posts"}],"about":[{"href":"https:\/\/waelty.ch\/cm\/index.php?rest_route=\/wp\/v2\/types\/post"}],"author":[{"embeddable":true,"href":"https:\/\/waelty.ch\/cm\/index.php?rest_route=\/wp\/v2\/users\/1"}],"replies":[{"embeddable":true,"href":"https:\/\/waelty.ch\/cm\/index.php?rest_route=%2Fwp%2Fv2%2Fcomments&post=1251"}],"version-history":[{"count":0,"href":"https:\/\/waelty.ch\/cm\/index.php?rest_route=\/wp\/v2\/posts\/1251\/revisions"}],"wp:attachment":[{"href":"https:\/\/waelty.ch\/cm\/index.php?rest_route=%2Fwp%2Fv2%2Fmedia&parent=1251"}],"wp:term":[{"taxonomy":"category","embeddable":true,"href":"https:\/\/waelty.ch\/cm\/index.php?rest_route=%2Fwp%2Fv2%2Fcategories&post=1251"},{"taxonomy":"post_tag","embeddable":true,"href":"https:\/\/waelty.ch\/cm\/index.php?rest_route=%2Fwp%2Fv2%2Ftags&post=1251"}],"curies":[{"name":"wp","href":"https:\/\/api.w.org\/{rel}","templated":true}]}}