{"id":1246,"date":"2016-09-08T09:00:25","date_gmt":"2016-09-08T07:00:25","guid":{"rendered":"http:\/\/www.fotointern.ch\/?p=128739"},"modified":"2016-09-08T09:00:25","modified_gmt":"2016-09-08T07:00:25","slug":"wasserdichtes-iphone-7-und-7-plus-mit-dual-kamera-fuer-kreative-schaerfentiefe","status":"publish","type":"post","link":"http:\/\/feedproxy.google.com\/~r\/fotointern\/~3\/F6fSDSXfhlo\/","title":{"rendered":"Wasserdichtes iPhone 7 und 7 Plus mit Dual-Kamera f\u00fcr kreative Sch\u00e4rfentiefe"},"content":{"rendered":"<p>Schneller, ausdauernder und jetzt auch wasserdicht: Apple hat ihre neuen Smartphone-Modelle iPhone 7 und iPhone 7 Plus vorgestellt. Mit mehr Prozessor-Leistung, l\u00e4ngerer Betriebsdauer und\u00a0 IP67-Wasser-\/Staubschutz wurde der technologische R\u00fcckstand gegen\u00fcber der Android-Konkurrenz reduziert. Interessant sind die Verbesserungen der Kamera, wobei das Plus-Modell eine zus\u00e4tzliche 12 Mpx-Kamera mit Tele neben dem \u00fcblichen 12 Mpx-Weitwinkel besitzt. Apple [&#8230;]<img loading=\"lazy\" decoding=\"async\" src=\"http:\/\/feeds.feedburner.com\/~r\/fotointern\/~4\/F6fSDSXfhlo\" height=\"1\" width=\"1\" alt=\"\"\/> <\/p>\n","protected":false},"excerpt":{"rendered":"<p>Schneller, ausdauernder und jetzt auch wasserdicht: Apple hat ihre neuen Smartphone-Modelle iPhone 7 und iPhone 7 Plus vorgestellt. Mit mehr Prozessor-Leistung, l\u00e4ngerer Betriebsdauer und\u00a0 IP67-Wasser-\/Staubschutz wurde der technologische R\u00fcckstand gegen\u00fcber der Android-Konkurrenz reduziert. Interessant sind die Verbesserungen der Kamera, wobei das Plus-Modell eine zus\u00e4tzliche 12 Mpx-Kamera mit Tele neben dem \u00fcblichen 12 Mpx-Weitwinkel besitzt. Apple [&#8230;]<img loading=\"lazy\" decoding=\"async\" src=\"http:\/\/feeds.feedburner.com\/~r\/fotointern\/~4\/F6fSDSXfhlo\" height=\"1\" width=\"1\" alt=\"\"\/> <\/p>\n","protected":false},"author":1,"featured_media":0,"comment_status":"open","ping_status":"closed","sticky":false,"template":"","format":"standard","meta":{"_exactmetrics_skip_tracking":false,"_exactmetrics_sitenote_active":false,"_exactmetrics_sitenote_note":"","_exactmetrics_sitenote_category":0,"footnotes":""},"categories":[9],"tags":[],"class_list":["post-1246","post","type-post","status-publish","format-standard","hentry","category-foto-news-extern"],"_links":{"self":[{"href":"https:\/\/waelty.ch\/cm\/index.php?rest_route=\/wp\/v2\/posts\/1246","targetHints":{"allow":["GET"]}}],"collection":[{"href":"https:\/\/waelty.ch\/cm\/index.php?rest_route=\/wp\/v2\/posts"}],"about":[{"href":"https:\/\/waelty.ch\/cm\/index.php?rest_route=\/wp\/v2\/types\/post"}],"author":[{"embeddable":true,"href":"https:\/\/waelty.ch\/cm\/index.php?rest_route=\/wp\/v2\/users\/1"}],"replies":[{"embeddable":true,"href":"https:\/\/waelty.ch\/cm\/index.php?rest_route=%2Fwp%2Fv2%2Fcomments&post=1246"}],"version-history":[{"count":0,"href":"https:\/\/waelty.ch\/cm\/index.php?rest_route=\/wp\/v2\/posts\/1246\/revisions"}],"wp:attachment":[{"href":"https:\/\/waelty.ch\/cm\/index.php?rest_route=%2Fwp%2Fv2%2Fmedia&parent=1246"}],"wp:term":[{"taxonomy":"category","embeddable":true,"href":"https:\/\/waelty.ch\/cm\/index.php?rest_route=%2Fwp%2Fv2%2Fcategories&post=1246"},{"taxonomy":"post_tag","embeddable":true,"href":"https:\/\/waelty.ch\/cm\/index.php?rest_route=%2Fwp%2Fv2%2Ftags&post=1246"}],"curies":[{"name":"wp","href":"https:\/\/api.w.org\/{rel}","templated":true}]}}