{"id":1245,"date":"2016-09-08T16:00:09","date_gmt":"2016-09-08T14:00:09","guid":{"rendered":"http:\/\/www.fotointern.ch\/?p=128765"},"modified":"2016-09-08T16:00:09","modified_gmt":"2016-09-08T14:00:09","slug":"neue-workshops-bei-eizo-bildorganisation-portraet-monitorkalibrierung","status":"publish","type":"post","link":"http:\/\/feedproxy.google.com\/~r\/fotointern\/~3\/6hpC2qb9SO0\/","title":{"rendered":"Neue Workshops bei Eizo: Bildorganisation, Portr\u00e4t, Monitorkalibrierung"},"content":{"rendered":"<p>Eizo f\u00fchrt als bedeutender Monitoranbieter auch laufend Workshops zu verschiedenen fotografischen Praxisthemen durch. Jetzt ist das neue Kursprogramm f\u00fcr den Herbst erschienen, in dem neben Monitor-spezifischen Themen auch Praxisworkshops zur Bildorganisation, zu Lightroom und zur Portr\u00e4tfotografie auf dem Programm stehen. &#160; Eizo unterh\u00e4lt in W\u00e4denswil-Au einen bestens eingerichteten Schulungsraum, in welchem acht Arbeitspl\u00e4tze f\u00fcr Aus- [&#8230;]<img loading=\"lazy\" decoding=\"async\" src=\"http:\/\/feeds.feedburner.com\/~r\/fotointern\/~4\/6hpC2qb9SO0\" height=\"1\" width=\"1\" alt=\"\"\/> <\/p>\n","protected":false},"excerpt":{"rendered":"<p>Eizo f\u00fchrt als bedeutender Monitoranbieter auch laufend Workshops zu verschiedenen fotografischen Praxisthemen durch. Jetzt ist das neue Kursprogramm f\u00fcr den Herbst erschienen, in dem neben Monitor-spezifischen Themen auch Praxisworkshops zur Bildorganisation, zu Lightroom und zur Portr\u00e4tfotografie auf dem Programm stehen. &#160; Eizo unterh\u00e4lt in W\u00e4denswil-Au einen bestens eingerichteten Schulungsraum, in welchem acht Arbeitspl\u00e4tze f\u00fcr Aus- [&#8230;]<img loading=\"lazy\" decoding=\"async\" src=\"http:\/\/feeds.feedburner.com\/~r\/fotointern\/~4\/6hpC2qb9SO0\" height=\"1\" width=\"1\" alt=\"\"\/> <\/p>\n","protected":false},"author":1,"featured_media":0,"comment_status":"open","ping_status":"closed","sticky":false,"template":"","format":"standard","meta":{"_exactmetrics_skip_tracking":false,"_exactmetrics_sitenote_active":false,"_exactmetrics_sitenote_note":"","_exactmetrics_sitenote_category":0,"footnotes":""},"categories":[9],"tags":[],"class_list":["post-1245","post","type-post","status-publish","format-standard","hentry","category-foto-news-extern"],"_links":{"self":[{"href":"https:\/\/waelty.ch\/cm\/index.php?rest_route=\/wp\/v2\/posts\/1245","targetHints":{"allow":["GET"]}}],"collection":[{"href":"https:\/\/waelty.ch\/cm\/index.php?rest_route=\/wp\/v2\/posts"}],"about":[{"href":"https:\/\/waelty.ch\/cm\/index.php?rest_route=\/wp\/v2\/types\/post"}],"author":[{"embeddable":true,"href":"https:\/\/waelty.ch\/cm\/index.php?rest_route=\/wp\/v2\/users\/1"}],"replies":[{"embeddable":true,"href":"https:\/\/waelty.ch\/cm\/index.php?rest_route=%2Fwp%2Fv2%2Fcomments&post=1245"}],"version-history":[{"count":0,"href":"https:\/\/waelty.ch\/cm\/index.php?rest_route=\/wp\/v2\/posts\/1245\/revisions"}],"wp:attachment":[{"href":"https:\/\/waelty.ch\/cm\/index.php?rest_route=%2Fwp%2Fv2%2Fmedia&parent=1245"}],"wp:term":[{"taxonomy":"category","embeddable":true,"href":"https:\/\/waelty.ch\/cm\/index.php?rest_route=%2Fwp%2Fv2%2Fcategories&post=1245"},{"taxonomy":"post_tag","embeddable":true,"href":"https:\/\/waelty.ch\/cm\/index.php?rest_route=%2Fwp%2Fv2%2Ftags&post=1245"}],"curies":[{"name":"wp","href":"https:\/\/api.w.org\/{rel}","templated":true}]}}