{"id":1243,"date":"2016-09-06T18:51:00","date_gmt":"2016-09-06T16:51:00","guid":{"rendered":"http:\/\/heise.de\/-3314850"},"modified":"2016-09-06T18:51:00","modified_gmt":"2016-09-06T16:51:00","slug":"adobe-erweitert-creative-cloud-fuer-teamarbeit-und-vr","status":"publish","type":"post","link":"https:\/\/waelty.ch\/cm\/?p=1243","title":{"rendered":"Adobe erweitert Creative Cloud f\u00fcr Teamarbeit und VR"},"content":{"rendered":"<p><a href=\"http:\/\/www.heise.de\/foto\/meldung\/Adobe-erweitert-Creative-Cloud-fuer-Teamarbeit-und-VR-3314850.html\"><img decoding=\"async\" src=\"http:\/\/www.heise.de\/scale\/geometry\/264\/q80\/\/imgs\/18\/1\/8\/8\/4\/6\/6\/2\/Adobe_CC-c18617ee9e31119a.jpeg\" alt=\"\" \/><\/a><\/p>\n<p>Vor der IBC hat Adobe Verbesserungen f\u00fcr die Creative Cloud angek\u00fcndigt. Dabei soll es vor allem um eine fl\u00fcssigere Zusammenarbeit \u00fcber Programm- und Projektgrenzen hinweg gehen und um ein schnelleres Rendering bei VR-Projekten .<\/p>\n","protected":false},"excerpt":{"rendered":"<p>Vor der IBC hat Adobe Verbesserungen f\u00fcr die Creative Cloud angek\u00fcndigt. Dabei soll es vor allem um eine fl\u00fcssigere Zusammenarbeit \u00fcber Programm- und Projektgrenzen hinweg gehen und um ein schnelleres Rendering bei VR-Projekten . <\/p>\n","protected":false},"author":1,"featured_media":0,"comment_status":"open","ping_status":"closed","sticky":false,"template":"","format":"standard","meta":{"_exactmetrics_skip_tracking":false,"_exactmetrics_sitenote_active":false,"_exactmetrics_sitenote_note":"","_exactmetrics_sitenote_category":0,"footnotes":""},"categories":[9],"tags":[],"class_list":["post-1243","post","type-post","status-publish","format-standard","hentry","category-foto-news-extern"],"_links":{"self":[{"href":"https:\/\/waelty.ch\/cm\/index.php?rest_route=\/wp\/v2\/posts\/1243","targetHints":{"allow":["GET"]}}],"collection":[{"href":"https:\/\/waelty.ch\/cm\/index.php?rest_route=\/wp\/v2\/posts"}],"about":[{"href":"https:\/\/waelty.ch\/cm\/index.php?rest_route=\/wp\/v2\/types\/post"}],"author":[{"embeddable":true,"href":"https:\/\/waelty.ch\/cm\/index.php?rest_route=\/wp\/v2\/users\/1"}],"replies":[{"embeddable":true,"href":"https:\/\/waelty.ch\/cm\/index.php?rest_route=%2Fwp%2Fv2%2Fcomments&post=1243"}],"version-history":[{"count":0,"href":"https:\/\/waelty.ch\/cm\/index.php?rest_route=\/wp\/v2\/posts\/1243\/revisions"}],"wp:attachment":[{"href":"https:\/\/waelty.ch\/cm\/index.php?rest_route=%2Fwp%2Fv2%2Fmedia&parent=1243"}],"wp:term":[{"taxonomy":"category","embeddable":true,"href":"https:\/\/waelty.ch\/cm\/index.php?rest_route=%2Fwp%2Fv2%2Fcategories&post=1243"},{"taxonomy":"post_tag","embeddable":true,"href":"https:\/\/waelty.ch\/cm\/index.php?rest_route=%2Fwp%2Fv2%2Ftags&post=1243"}],"curies":[{"name":"wp","href":"https:\/\/api.w.org\/{rel}","templated":true}]}}