{"id":1241,"date":"2016-09-07T11:28:00","date_gmt":"2016-09-07T09:28:00","guid":{"rendered":"http:\/\/heise.de\/-3315016"},"modified":"2016-09-07T11:28:00","modified_gmt":"2016-09-07T09:28:00","slug":"ifa-insta360-zeigt-in-berlin-mini-vr-kameras","status":"publish","type":"post","link":"https:\/\/waelty.ch\/cm\/?p=1241","title":{"rendered":"IFA: Insta360 zeigt in Berlin Mini-VR-Kameras"},"content":{"rendered":"<p><a href=\"http:\/\/www.heise.de\/foto\/meldung\/IFA-Insta360-zeigt-in-Berlin-Mini-VR-Kameras-3315016.html\"><img decoding=\"async\" src=\"http:\/\/www.heise.de\/scale\/geometry\/264\/q80\/\/imgs\/18\/1\/8\/8\/4\/7\/9\/2\/2-3a9296eeb2cd6c3b.jpeg\" alt=\"\" \/><\/a><\/p>\n<p>Die Insta360 nano misst lediglich 110 \u00d7 33 \u00d7 21 Millimeter und ist auf der Vorder- und der R\u00fcckseite jeweils mit einer Kamera mit f\/2-Fischaugen-Objektiv ausgestattet.<\/p>\n","protected":false},"excerpt":{"rendered":"<p>Die Insta360 nano misst lediglich 110 \u00d7 33 \u00d7 21 Millimeter und ist auf der Vorder- und der R\u00fcckseite jeweils mit einer Kamera mit f\/2-Fischaugen-Objektiv ausgestattet. <\/p>\n","protected":false},"author":1,"featured_media":0,"comment_status":"open","ping_status":"closed","sticky":false,"template":"","format":"standard","meta":{"_exactmetrics_skip_tracking":false,"_exactmetrics_sitenote_active":false,"_exactmetrics_sitenote_note":"","_exactmetrics_sitenote_category":0,"footnotes":""},"categories":[9],"tags":[],"class_list":["post-1241","post","type-post","status-publish","format-standard","hentry","category-foto-news-extern"],"_links":{"self":[{"href":"https:\/\/waelty.ch\/cm\/index.php?rest_route=\/wp\/v2\/posts\/1241","targetHints":{"allow":["GET"]}}],"collection":[{"href":"https:\/\/waelty.ch\/cm\/index.php?rest_route=\/wp\/v2\/posts"}],"about":[{"href":"https:\/\/waelty.ch\/cm\/index.php?rest_route=\/wp\/v2\/types\/post"}],"author":[{"embeddable":true,"href":"https:\/\/waelty.ch\/cm\/index.php?rest_route=\/wp\/v2\/users\/1"}],"replies":[{"embeddable":true,"href":"https:\/\/waelty.ch\/cm\/index.php?rest_route=%2Fwp%2Fv2%2Fcomments&post=1241"}],"version-history":[{"count":0,"href":"https:\/\/waelty.ch\/cm\/index.php?rest_route=\/wp\/v2\/posts\/1241\/revisions"}],"wp:attachment":[{"href":"https:\/\/waelty.ch\/cm\/index.php?rest_route=%2Fwp%2Fv2%2Fmedia&parent=1241"}],"wp:term":[{"taxonomy":"category","embeddable":true,"href":"https:\/\/waelty.ch\/cm\/index.php?rest_route=%2Fwp%2Fv2%2Fcategories&post=1241"},{"taxonomy":"post_tag","embeddable":true,"href":"https:\/\/waelty.ch\/cm\/index.php?rest_route=%2Fwp%2Fv2%2Ftags&post=1241"}],"curies":[{"name":"wp","href":"https:\/\/api.w.org\/{rel}","templated":true}]}}