{"id":1236,"date":"2016-09-07T15:00:18","date_gmt":"2016-09-07T13:00:18","guid":{"rendered":"http:\/\/www.fotointern.ch\/?p=128726"},"modified":"2016-09-07T15:00:18","modified_gmt":"2016-09-07T13:00:18","slug":"tv-objektiv-fuer-4kuhd-fernsehen-grosses-27x-zoom","status":"publish","type":"post","link":"http:\/\/feedproxy.google.com\/~r\/fotointern\/~3\/Etuqh_F3GWY\/","title":{"rendered":"TV-Objektiv f\u00fcr 4K\/UHD-Fernsehen: Grosses 27x-Zoom"},"content":{"rendered":"<p>F\u00fcr Broadcast-TV-Kameras mit kleinen Sensoren des 2\/3-Zoll-Typs und B4-Objektivanschluss hat Canon ihr 22 Kilogramm schweres 27x-Zoom UJ27x6.5B IESD vorgestellt. Seine Brennweite reicht von 6,5mm bis 180mm und kann mittels eingebautem 2fachem Teleconverter verdoppelt werden, womit sich das Zoom ideal f\u00fcr die \u00dcbertragung und Aufzeichnung von Sportanl\u00e4ssen, Konzerten und \u00e4hnlichen Events eignet. &#160; Canon hat die [&#8230;]<img loading=\"lazy\" decoding=\"async\" src=\"http:\/\/feeds.feedburner.com\/~r\/fotointern\/~4\/Etuqh_F3GWY\" height=\"1\" width=\"1\" alt=\"\"\/> <\/p>\n","protected":false},"excerpt":{"rendered":"<p>F\u00fcr Broadcast-TV-Kameras mit kleinen Sensoren des 2\/3-Zoll-Typs und B4-Objektivanschluss hat Canon ihr 22 Kilogramm schweres 27x-Zoom UJ27x6.5B IESD vorgestellt. Seine Brennweite reicht von 6,5mm bis 180mm und kann mittels eingebautem 2fachem Teleconverter verdoppelt werden, womit sich das Zoom ideal f\u00fcr die \u00dcbertragung und Aufzeichnung von Sportanl\u00e4ssen, Konzerten und \u00e4hnlichen Events eignet. &#160; Canon hat die [&#8230;]<img loading=\"lazy\" decoding=\"async\" src=\"http:\/\/feeds.feedburner.com\/~r\/fotointern\/~4\/Etuqh_F3GWY\" height=\"1\" width=\"1\" alt=\"\"\/> <\/p>\n","protected":false},"author":1,"featured_media":0,"comment_status":"open","ping_status":"closed","sticky":false,"template":"","format":"standard","meta":{"_exactmetrics_skip_tracking":false,"_exactmetrics_sitenote_active":false,"_exactmetrics_sitenote_note":"","_exactmetrics_sitenote_category":0,"footnotes":""},"categories":[9],"tags":[],"class_list":["post-1236","post","type-post","status-publish","format-standard","hentry","category-foto-news-extern"],"_links":{"self":[{"href":"https:\/\/waelty.ch\/cm\/index.php?rest_route=\/wp\/v2\/posts\/1236","targetHints":{"allow":["GET"]}}],"collection":[{"href":"https:\/\/waelty.ch\/cm\/index.php?rest_route=\/wp\/v2\/posts"}],"about":[{"href":"https:\/\/waelty.ch\/cm\/index.php?rest_route=\/wp\/v2\/types\/post"}],"author":[{"embeddable":true,"href":"https:\/\/waelty.ch\/cm\/index.php?rest_route=\/wp\/v2\/users\/1"}],"replies":[{"embeddable":true,"href":"https:\/\/waelty.ch\/cm\/index.php?rest_route=%2Fwp%2Fv2%2Fcomments&post=1236"}],"version-history":[{"count":0,"href":"https:\/\/waelty.ch\/cm\/index.php?rest_route=\/wp\/v2\/posts\/1236\/revisions"}],"wp:attachment":[{"href":"https:\/\/waelty.ch\/cm\/index.php?rest_route=%2Fwp%2Fv2%2Fmedia&parent=1236"}],"wp:term":[{"taxonomy":"category","embeddable":true,"href":"https:\/\/waelty.ch\/cm\/index.php?rest_route=%2Fwp%2Fv2%2Fcategories&post=1236"},{"taxonomy":"post_tag","embeddable":true,"href":"https:\/\/waelty.ch\/cm\/index.php?rest_route=%2Fwp%2Fv2%2Ftags&post=1236"}],"curies":[{"name":"wp","href":"https:\/\/api.w.org\/{rel}","templated":true}]}}