{"id":1227,"date":"2016-09-06T15:10:58","date_gmt":"2016-09-06T13:10:58","guid":{"rendered":"http:\/\/www.fotointern.ch\/?p=128669"},"modified":"2016-09-06T15:10:58","modified_gmt":"2016-09-06T13:10:58","slug":"phase-one-industrial-fuehrt-neue-4-band-loesung-fuer-die-luftbildfotografie-ein","status":"publish","type":"post","link":"http:\/\/feedproxy.google.com\/~r\/fotointern\/~3\/u3UFF1q6bgk\/","title":{"rendered":"Phase One Industrial f\u00fchrt neue 4-Band-L\u00f6sung f\u00fcr die Luftbildfotografie ein"},"content":{"rendered":"<p>Phase One Industrial stellt heute eine neue L\u00f6sung f\u00fcr 4-Band-Luftbildaufnahmen vor. Die RGB- und IR-Daten aus zwei Kameras werden\u00a0 \u00fcber eine neue Software Verarbeitungsroutine automatisch zusammengef\u00fcgt, was den Erstellungsprozess der 4-Band-Aufnahmen mit 100MP f\u00fcr spezielle Luftbildanwendungen vereinfacht. &#160; Die 4-Band-L\u00f6sung von Phase One f\u00fcgt den Bilddaten der drei Grundfarben des sichtbaren Lichtes (RGB) eines viertes [&#8230;]<img loading=\"lazy\" decoding=\"async\" src=\"http:\/\/feeds.feedburner.com\/~r\/fotointern\/~4\/u3UFF1q6bgk\" height=\"1\" width=\"1\" alt=\"\"\/> <\/p>\n","protected":false},"excerpt":{"rendered":"<p>Phase One Industrial stellt heute eine neue L\u00f6sung f\u00fcr 4-Band-Luftbildaufnahmen vor. Die RGB- und IR-Daten aus zwei Kameras werden\u00a0 \u00fcber eine neue Software Verarbeitungsroutine automatisch zusammengef\u00fcgt, was den Erstellungsprozess der 4-Band-Aufnahmen mit 100MP f\u00fcr spezielle Luftbildanwendungen vereinfacht. &#160; Die 4-Band-L\u00f6sung von Phase One f\u00fcgt den Bilddaten der drei Grundfarben des sichtbaren Lichtes (RGB) eines viertes [&#8230;]<img loading=\"lazy\" decoding=\"async\" src=\"http:\/\/feeds.feedburner.com\/~r\/fotointern\/~4\/u3UFF1q6bgk\" height=\"1\" width=\"1\" alt=\"\"\/> <\/p>\n","protected":false},"author":1,"featured_media":0,"comment_status":"open","ping_status":"closed","sticky":false,"template":"","format":"standard","meta":{"_exactmetrics_skip_tracking":false,"_exactmetrics_sitenote_active":false,"_exactmetrics_sitenote_note":"","_exactmetrics_sitenote_category":0,"footnotes":""},"categories":[9],"tags":[],"class_list":["post-1227","post","type-post","status-publish","format-standard","hentry","category-foto-news-extern"],"_links":{"self":[{"href":"https:\/\/waelty.ch\/cm\/index.php?rest_route=\/wp\/v2\/posts\/1227","targetHints":{"allow":["GET"]}}],"collection":[{"href":"https:\/\/waelty.ch\/cm\/index.php?rest_route=\/wp\/v2\/posts"}],"about":[{"href":"https:\/\/waelty.ch\/cm\/index.php?rest_route=\/wp\/v2\/types\/post"}],"author":[{"embeddable":true,"href":"https:\/\/waelty.ch\/cm\/index.php?rest_route=\/wp\/v2\/users\/1"}],"replies":[{"embeddable":true,"href":"https:\/\/waelty.ch\/cm\/index.php?rest_route=%2Fwp%2Fv2%2Fcomments&post=1227"}],"version-history":[{"count":0,"href":"https:\/\/waelty.ch\/cm\/index.php?rest_route=\/wp\/v2\/posts\/1227\/revisions"}],"wp:attachment":[{"href":"https:\/\/waelty.ch\/cm\/index.php?rest_route=%2Fwp%2Fv2%2Fmedia&parent=1227"}],"wp:term":[{"taxonomy":"category","embeddable":true,"href":"https:\/\/waelty.ch\/cm\/index.php?rest_route=%2Fwp%2Fv2%2Fcategories&post=1227"},{"taxonomy":"post_tag","embeddable":true,"href":"https:\/\/waelty.ch\/cm\/index.php?rest_route=%2Fwp%2Fv2%2Ftags&post=1227"}],"curies":[{"name":"wp","href":"https:\/\/api.w.org\/{rel}","templated":true}]}}