{"id":1218,"date":"2016-09-05T16:30:20","date_gmt":"2016-09-05T14:30:20","guid":{"rendered":"http:\/\/www.fotointern.ch\/?p=128591"},"modified":"2016-09-05T16:30:20","modified_gmt":"2016-09-05T14:30:20","slug":"swiss-publishing-days-7-9-november-in-bern-jetzt-verguenstigt-anmelden","status":"publish","type":"post","link":"http:\/\/feedproxy.google.com\/~r\/fotointern\/~3\/kJVAvsuwzqg\/","title":{"rendered":"Swiss Publishing Days, 7. \u2013 9. November, in Bern \u2013 jetzt verg\u00fcnstigt anmelden"},"content":{"rendered":"<p>Die Swiss Publishing Days finden dieses Jahr in Kooperation mit der Schule f\u00fcr Gestaltung Bern statt und warten einmal mehr mit spannenden Referaten und Diskussionen \u00fcber die Trends von Publishing und Kommunikation auf. Als Fotointern-LeserIn geniessen Sie eine verg\u00fcnstigte Teilnahme, wenn Sie sich gleich anmelden. &#160; Drei Tage Publishing pur: Vom 7. bis am 9. [&#8230;]<img loading=\"lazy\" decoding=\"async\" src=\"http:\/\/feeds.feedburner.com\/~r\/fotointern\/~4\/kJVAvsuwzqg\" height=\"1\" width=\"1\" alt=\"\"\/> <\/p>\n","protected":false},"excerpt":{"rendered":"<p>Die Swiss Publishing Days finden dieses Jahr in Kooperation mit der Schule f\u00fcr Gestaltung Bern statt und warten einmal mehr mit spannenden Referaten und Diskussionen \u00fcber die Trends von Publishing und Kommunikation auf. Als Fotointern-LeserIn geniessen Sie eine verg\u00fcnstigte Teilnahme, wenn Sie sich gleich anmelden. &#160; Drei Tage Publishing pur: Vom 7. bis am 9. [&#8230;]<img loading=\"lazy\" decoding=\"async\" src=\"http:\/\/feeds.feedburner.com\/~r\/fotointern\/~4\/kJVAvsuwzqg\" height=\"1\" width=\"1\" alt=\"\"\/> <\/p>\n","protected":false},"author":1,"featured_media":0,"comment_status":"open","ping_status":"closed","sticky":false,"template":"","format":"standard","meta":{"_exactmetrics_skip_tracking":false,"_exactmetrics_sitenote_active":false,"_exactmetrics_sitenote_note":"","_exactmetrics_sitenote_category":0,"footnotes":""},"categories":[9],"tags":[],"class_list":["post-1218","post","type-post","status-publish","format-standard","hentry","category-foto-news-extern"],"_links":{"self":[{"href":"https:\/\/waelty.ch\/cm\/index.php?rest_route=\/wp\/v2\/posts\/1218","targetHints":{"allow":["GET"]}}],"collection":[{"href":"https:\/\/waelty.ch\/cm\/index.php?rest_route=\/wp\/v2\/posts"}],"about":[{"href":"https:\/\/waelty.ch\/cm\/index.php?rest_route=\/wp\/v2\/types\/post"}],"author":[{"embeddable":true,"href":"https:\/\/waelty.ch\/cm\/index.php?rest_route=\/wp\/v2\/users\/1"}],"replies":[{"embeddable":true,"href":"https:\/\/waelty.ch\/cm\/index.php?rest_route=%2Fwp%2Fv2%2Fcomments&post=1218"}],"version-history":[{"count":0,"href":"https:\/\/waelty.ch\/cm\/index.php?rest_route=\/wp\/v2\/posts\/1218\/revisions"}],"wp:attachment":[{"href":"https:\/\/waelty.ch\/cm\/index.php?rest_route=%2Fwp%2Fv2%2Fmedia&parent=1218"}],"wp:term":[{"taxonomy":"category","embeddable":true,"href":"https:\/\/waelty.ch\/cm\/index.php?rest_route=%2Fwp%2Fv2%2Fcategories&post=1218"},{"taxonomy":"post_tag","embeddable":true,"href":"https:\/\/waelty.ch\/cm\/index.php?rest_route=%2Fwp%2Fv2%2Ftags&post=1218"}],"curies":[{"name":"wp","href":"https:\/\/api.w.org\/{rel}","templated":true}]}}